{"id":48729,"date":"2025-05-24T15:23:54","date_gmt":"2025-05-24T14:23:54","guid":{"rendered":"https:\/\/vay-styves.fr\/?p=48729"},"modified":"2025-05-24T15:23:54","modified_gmt":"2025-05-24T14:23:54","slug":"classe-dehors-en-ms-gs","status":"publish","type":"post","link":"https:\/\/vay-styves.fr\/?p=48729","title":{"rendered":"Classe dehors en MS-GS"},"content":{"rendered":"<p><span style=\"font-family: Script cole;\">Tous les vendredis, nous partons \u00e0 la d\u00e9couverte du monde qui nous entoure. Nous installons notre classe dans le petit jardin \u00e0 c\u00f4t\u00e9 du parc de la mairie pour faire nos observations. <\/span><\/p>\n<p><span style=\"font-family: Script cole;\">Nous faisons diff\u00e9rentes activit\u00e9s: <\/span><\/p>\n<p><span style=\"font-family: Script cole;\">Nous avons des insectes \u00e0 chercher et nous pouvons m\u00eame les capturer le temps de les observer puis nous les rel\u00e2chons.<\/span><\/p>\n<p><a href=\"https:\/\/vay-styves.fr\/wp-content\/uploads\/2025\/05\/20250516_105935-480x640-1.jpg\"><img loading=\"lazy\" decoding=\"async\" class=\"alignnone size-medium wp-image-48727\" src=\"https:\/\/vay-styves.fr\/wp-content\/uploads\/2025\/05\/20250516_105935-480x640-1-225x300.jpg\" alt=\"\" width=\"225\" height=\"300\" srcset=\"https:\/\/vay-styves.fr\/wp-content\/uploads\/2025\/05\/20250516_105935-480x640-1-225x300.jpg 225w, https:\/\/vay-styves.fr\/wp-content\/uploads\/2025\/05\/20250516_105935-480x640-1-300x400.jpg 300w, https:\/\/vay-styves.fr\/wp-content\/uploads\/2025\/05\/20250516_105935-480x640-1.jpg 480w\" sizes=\"auto, (max-width: 225px) 100vw, 225px\" \/><\/a> <a href=\"https:\/\/vay-styves.fr\/wp-content\/uploads\/2025\/05\/20250516_105939-480x640-1.jpg\"><img loading=\"lazy\" decoding=\"async\" class=\"alignnone size-medium wp-image-48726\" src=\"https:\/\/vay-styves.fr\/wp-content\/uploads\/2025\/05\/20250516_105939-480x640-1-225x300.jpg\" alt=\"\" width=\"225\" height=\"300\" srcset=\"https:\/\/vay-styves.fr\/wp-content\/uploads\/2025\/05\/20250516_105939-480x640-1-225x300.jpg 225w, https:\/\/vay-styves.fr\/wp-content\/uploads\/2025\/05\/20250516_105939-480x640-1-300x400.jpg 300w, https:\/\/vay-styves.fr\/wp-content\/uploads\/2025\/05\/20250516_105939-480x640-1.jpg 480w\" sizes=\"auto, (max-width: 225px) 100vw, 225px\" \/><\/a> <a href=\"https:\/\/vay-styves.fr\/wp-content\/uploads\/2025\/05\/20250516_105904-480x640-1.jpg\"><img loading=\"lazy\" decoding=\"async\" class=\"alignnone size-medium wp-image-48723\" src=\"https:\/\/vay-styves.fr\/wp-content\/uploads\/2025\/05\/20250516_105904-480x640-1-225x300.jpg\" alt=\"\" width=\"225\" height=\"300\" srcset=\"https:\/\/vay-styves.fr\/wp-content\/uploads\/2025\/05\/20250516_105904-480x640-1-225x300.jpg 225w, https:\/\/vay-styves.fr\/wp-content\/uploads\/2025\/05\/20250516_105904-480x640-1-300x400.jpg 300w, https:\/\/vay-styves.fr\/wp-content\/uploads\/2025\/05\/20250516_105904-480x640-1.jpg 480w\" sizes=\"auto, (max-width: 225px) 100vw, 225px\" \/><\/a><\/p>\n<p><span style=\"font-family: Script cole;\">Nous prenons le temps d&rsquo;\u00e9couter les oiseaux et apprenons \u00e0 reconna\u00eetre le pinson des arbres ainsi que de la tourterelle turque gr\u00e2ce \u00e0 leur chant.&nbsp;<\/span><\/p>\n<p>&nbsp;<\/p>\n","protected":false},"excerpt":{"rendered":"<p>Tous les vendredis, nous partons \u00e0 la d\u00e9couverte du monde qui nous entoure. Nous installons notre classe dans le petit jardin \u00e0 c\u00f4t\u00e9 du parc de la mairie pour faire nos observations. Nous faisons diff\u00e9rentes activit\u00e9s: Nous avons des insectes \u00e0 chercher et nous pouvons m\u00eame les capturer le temps de les observer puis nous&hellip; <br \/> <a class=\"read-more\" href=\"https:\/\/vay-styves.fr\/?p=48729\">Lire la suite<\/a><\/p>\n","protected":false},"author":13,"featured_media":48727,"comment_status":"closed","ping_status":"closed","sticky":false,"template":"","format":"standard","meta":{"ngg_post_thumbnail":0,"footnotes":""},"categories":[15,5],"tags":[],"class_list":["post-48729","post","type-post","status-publish","format-standard","has-post-thumbnail","hentry","category-actualites-ms-gs","category-maternelles"],"_links":{"self":[{"href":"https:\/\/vay-styves.fr\/index.php?rest_route=\/wp\/v2\/posts\/48729","targetHints":{"allow":["GET"]}}],"collection":[{"href":"https:\/\/vay-styves.fr\/index.php?rest_route=\/wp\/v2\/posts"}],"about":[{"href":"https:\/\/vay-styves.fr\/index.php?rest_route=\/wp\/v2\/types\/post"}],"author":[{"embeddable":true,"href":"https:\/\/vay-styves.fr\/index.php?rest_route=\/wp\/v2\/users\/13"}],"replies":[{"embeddable":true,"href":"https:\/\/vay-styves.fr\/index.php?rest_route=%2Fwp%2Fv2%2Fcomments&post=48729"}],"version-history":[{"count":1,"href":"https:\/\/vay-styves.fr\/index.php?rest_route=\/wp\/v2\/posts\/48729\/revisions"}],"predecessor-version":[{"id":48730,"href":"https:\/\/vay-styves.fr\/index.php?rest_route=\/wp\/v2\/posts\/48729\/revisions\/48730"}],"wp:featuredmedia":[{"embeddable":true,"href":"https:\/\/vay-styves.fr\/index.php?rest_route=\/wp\/v2\/media\/48727"}],"wp:attachment":[{"href":"https:\/\/vay-styves.fr\/index.php?rest_route=%2Fwp%2Fv2%2Fmedia&parent=48729"}],"wp:term":[{"taxonomy":"category","embeddable":true,"href":"https:\/\/vay-styves.fr\/index.php?rest_route=%2Fwp%2Fv2%2Fcategories&post=48729"},{"taxonomy":"post_tag","embeddable":true,"href":"https:\/\/vay-styves.fr\/index.php?rest_route=%2Fwp%2Fv2%2Ftags&post=48729"}],"curies":[{"name":"wp","href":"https:\/\/api.w.org\/{rel}","templated":true}]}}