{"id":47281,"date":"2023-04-01T11:23:01","date_gmt":"2023-04-01T10:23:01","guid":{"rendered":"https:\/\/vay-styves.fr\/?p=47281"},"modified":"2023-04-01T11:26:08","modified_gmt":"2023-04-01T10:26:08","slug":"jeux-dequilibre","status":"publish","type":"post","link":"https:\/\/vay-styves.fr\/?p=47281","title":{"rendered":"Jeux d&rsquo;\u00e9quilibre"},"content":{"rendered":"<p>En mars, les enfants de maternelle ont pu d\u00e9couvrir un nouveau mat\u00e9riel pr\u00eat\u00e9 par l&rsquo;Ugsel.<\/p>\n<p>Tous les lundis, ils se sont familiaris\u00e9s avec la planche \u00e0 lancer, la raquette d&rsquo;\u00e9quilibre et la roue \u00e0 volant, avec 3 ateliers install\u00e9s dans la salle lilas.<\/p>\n<p><a href=\"https:\/\/vay-styves.fr\/wp-content\/uploads\/2023\/04\/20230310_183224-scaled.jpg\"><img loading=\"lazy\" decoding=\"async\" class=\"alignleft size-medium wp-image-47282\" src=\"https:\/\/vay-styves.fr\/wp-content\/uploads\/2023\/04\/20230310_183224-300x135.jpg\" alt=\"\" width=\"300\" height=\"135\" srcset=\"https:\/\/vay-styves.fr\/wp-content\/uploads\/2023\/04\/20230310_183224-300x135.jpg 300w, https:\/\/vay-styves.fr\/wp-content\/uploads\/2023\/04\/20230310_183224-1024x461.jpg 1024w, https:\/\/vay-styves.fr\/wp-content\/uploads\/2023\/04\/20230310_183224-768x346.jpg 768w, https:\/\/vay-styves.fr\/wp-content\/uploads\/2023\/04\/20230310_183224-1536x691.jpg 1536w, https:\/\/vay-styves.fr\/wp-content\/uploads\/2023\/04\/20230310_183224-2048x922.jpg 2048w, https:\/\/vay-styves.fr\/wp-content\/uploads\/2023\/04\/20230310_183224-1920x864.jpg 1920w\" sizes=\"auto, (max-width: 300px) 100vw, 300px\" \/><\/a> <a href=\"https:\/\/vay-styves.fr\/wp-content\/uploads\/2023\/04\/20230327_101354-scaled.jpg\"><img loading=\"lazy\" decoding=\"async\" class=\"alignleft size-medium wp-image-47285\" src=\"https:\/\/vay-styves.fr\/wp-content\/uploads\/2023\/04\/20230327_101354-300x135.jpg\" alt=\"\" width=\"300\" height=\"135\" srcset=\"https:\/\/vay-styves.fr\/wp-content\/uploads\/2023\/04\/20230327_101354-300x135.jpg 300w, https:\/\/vay-styves.fr\/wp-content\/uploads\/2023\/04\/20230327_101354-1024x461.jpg 1024w, https:\/\/vay-styves.fr\/wp-content\/uploads\/2023\/04\/20230327_101354-768x346.jpg 768w, https:\/\/vay-styves.fr\/wp-content\/uploads\/2023\/04\/20230327_101354-1536x691.jpg 1536w, https:\/\/vay-styves.fr\/wp-content\/uploads\/2023\/04\/20230327_101354-2048x922.jpg 2048w, https:\/\/vay-styves.fr\/wp-content\/uploads\/2023\/04\/20230327_101354-1920x864.jpg 1920w\" sizes=\"auto, (max-width: 300px) 100vw, 300px\" \/><\/a> <a href=\"https:\/\/vay-styves.fr\/wp-content\/uploads\/2023\/04\/20230327_101404-scaled.jpg\"><img loading=\"lazy\" decoding=\"async\" class=\"alignleft size-medium wp-image-47286\" src=\"https:\/\/vay-styves.fr\/wp-content\/uploads\/2023\/04\/20230327_101404-300x135.jpg\" alt=\"\" width=\"300\" height=\"135\" srcset=\"https:\/\/vay-styves.fr\/wp-content\/uploads\/2023\/04\/20230327_101404-300x135.jpg 300w, https:\/\/vay-styves.fr\/wp-content\/uploads\/2023\/04\/20230327_101404-1024x461.jpg 1024w, https:\/\/vay-styves.fr\/wp-content\/uploads\/2023\/04\/20230327_101404-768x346.jpg 768w, https:\/\/vay-styves.fr\/wp-content\/uploads\/2023\/04\/20230327_101404-1536x691.jpg 1536w, https:\/\/vay-styves.fr\/wp-content\/uploads\/2023\/04\/20230327_101404-2048x922.jpg 2048w, https:\/\/vay-styves.fr\/wp-content\/uploads\/2023\/04\/20230327_101404-1920x864.jpg 1920w\" sizes=\"auto, (max-width: 300px) 100vw, 300px\" \/><\/a><\/p>\n<p>&nbsp;<\/p>\n<p>&nbsp;<\/p>\n<p>&nbsp;<\/p>\n<p>&nbsp;<\/p>\n<p>&nbsp;<\/p>\n<p>&nbsp;<\/p>\n<p>&nbsp;<\/p>\n<p>&nbsp;<\/p>\n<p>Le mardi, \u00e0 la salle de gym, les enfants ont r\u00e9alis\u00e9 2 parcours avec la roue \u00e0 volant et la raquette d&rsquo;\u00e9quilibre.<\/p>\n<p><a href=\"https:\/\/vay-styves.fr\/wp-content\/uploads\/2023\/04\/20230321_095313-scaled-e1680344496921.jpg\"><img loading=\"lazy\" decoding=\"async\" class=\"alignleft size-medium wp-image-47288\" src=\"https:\/\/vay-styves.fr\/wp-content\/uploads\/2023\/04\/20230321_095313-scaled-e1680344496921-300x163.jpg\" alt=\"\" width=\"300\" height=\"163\" srcset=\"https:\/\/vay-styves.fr\/wp-content\/uploads\/2023\/04\/20230321_095313-scaled-e1680344496921-300x163.jpg 300w, https:\/\/vay-styves.fr\/wp-content\/uploads\/2023\/04\/20230321_095313-scaled-e1680344496921-1024x557.jpg 1024w, https:\/\/vay-styves.fr\/wp-content\/uploads\/2023\/04\/20230321_095313-scaled-e1680344496921-768x418.jpg 768w, https:\/\/vay-styves.fr\/wp-content\/uploads\/2023\/04\/20230321_095313-scaled-e1680344496921-1536x835.jpg 1536w, https:\/\/vay-styves.fr\/wp-content\/uploads\/2023\/04\/20230321_095313-scaled-e1680344496921-2048x1114.jpg 2048w, https:\/\/vay-styves.fr\/wp-content\/uploads\/2023\/04\/20230321_095313-scaled-e1680344496921-1920x1044.jpg 1920w\" sizes=\"auto, (max-width: 300px) 100vw, 300px\" \/><\/a> <a href=\"https:\/\/vay-styves.fr\/wp-content\/uploads\/2023\/04\/20230321_094258-scaled.jpg\"><img loading=\"lazy\" decoding=\"async\" class=\"alignleft size-medium wp-image-47283\" src=\"https:\/\/vay-styves.fr\/wp-content\/uploads\/2023\/04\/20230321_094258-300x135.jpg\" alt=\"\" width=\"300\" height=\"135\" srcset=\"https:\/\/vay-styves.fr\/wp-content\/uploads\/2023\/04\/20230321_094258-300x135.jpg 300w, https:\/\/vay-styves.fr\/wp-content\/uploads\/2023\/04\/20230321_094258-1024x461.jpg 1024w, https:\/\/vay-styves.fr\/wp-content\/uploads\/2023\/04\/20230321_094258-768x346.jpg 768w, https:\/\/vay-styves.fr\/wp-content\/uploads\/2023\/04\/20230321_094258-1536x691.jpg 1536w, https:\/\/vay-styves.fr\/wp-content\/uploads\/2023\/04\/20230321_094258-2048x922.jpg 2048w, https:\/\/vay-styves.fr\/wp-content\/uploads\/2023\/04\/20230321_094258-1920x864.jpg 1920w\" sizes=\"auto, (max-width: 300px) 100vw, 300px\" \/><\/a><\/p>\n<p>&nbsp;<\/p>\n<p>&nbsp;<\/p>\n<p>&nbsp;<\/p>\n<p>&nbsp;<\/p>\n<p>&nbsp;<\/p>\n<p>&nbsp;<\/p>\n<p>&nbsp;<\/p>\n","protected":false},"excerpt":{"rendered":"<p>En mars, les enfants de maternelle ont pu d\u00e9couvrir un nouveau mat\u00e9riel pr\u00eat\u00e9 par l&rsquo;Ugsel. Tous les lundis, ils se sont familiaris\u00e9s avec la planche \u00e0 lancer, la raquette d&rsquo;\u00e9quilibre et la roue \u00e0 volant, avec 3 ateliers install\u00e9s dans la salle lilas. &nbsp; &nbsp; &nbsp; &nbsp; &nbsp; &nbsp; &nbsp; &nbsp; Le mardi, \u00e0 la&hellip; <br \/> <a class=\"read-more\" href=\"https:\/\/vay-styves.fr\/?p=47281\">Lire la suite<\/a><\/p>\n","protected":false},"author":9,"featured_media":47284,"comment_status":"closed","ping_status":"closed","sticky":false,"template":"","format":"standard","meta":{"ngg_post_thumbnail":0,"footnotes":""},"categories":[15,14],"tags":[],"class_list":["post-47281","post","type-post","status-publish","format-standard","has-post-thumbnail","hentry","category-actualites-ms-gs","category-actualites-ps"],"_links":{"self":[{"href":"https:\/\/vay-styves.fr\/index.php?rest_route=\/wp\/v2\/posts\/47281","targetHints":{"allow":["GET"]}}],"collection":[{"href":"https:\/\/vay-styves.fr\/index.php?rest_route=\/wp\/v2\/posts"}],"about":[{"href":"https:\/\/vay-styves.fr\/index.php?rest_route=\/wp\/v2\/types\/post"}],"author":[{"embeddable":true,"href":"https:\/\/vay-styves.fr\/index.php?rest_route=\/wp\/v2\/users\/9"}],"replies":[{"embeddable":true,"href":"https:\/\/vay-styves.fr\/index.php?rest_route=%2Fwp%2Fv2%2Fcomments&post=47281"}],"version-history":[{"count":4,"href":"https:\/\/vay-styves.fr\/index.php?rest_route=\/wp\/v2\/posts\/47281\/revisions"}],"predecessor-version":[{"id":47292,"href":"https:\/\/vay-styves.fr\/index.php?rest_route=\/wp\/v2\/posts\/47281\/revisions\/47292"}],"wp:featuredmedia":[{"embeddable":true,"href":"https:\/\/vay-styves.fr\/index.php?rest_route=\/wp\/v2\/media\/47284"}],"wp:attachment":[{"href":"https:\/\/vay-styves.fr\/index.php?rest_route=%2Fwp%2Fv2%2Fmedia&parent=47281"}],"wp:term":[{"taxonomy":"category","embeddable":true,"href":"https:\/\/vay-styves.fr\/index.php?rest_route=%2Fwp%2Fv2%2Fcategories&post=47281"},{"taxonomy":"post_tag","embeddable":true,"href":"https:\/\/vay-styves.fr\/index.php?rest_route=%2Fwp%2Fv2%2Ftags&post=47281"}],"curies":[{"name":"wp","href":"https:\/\/api.w.org\/{rel}","templated":true}]}}