{"id":47120,"date":"2023-01-02T09:25:06","date_gmt":"2023-01-02T08:25:06","guid":{"rendered":"https:\/\/vay-styves.fr\/?p=47120"},"modified":"2023-01-02T09:32:45","modified_gmt":"2023-01-02T08:32:45","slug":"les-elections-des-representants-au-cme","status":"publish","type":"post","link":"https:\/\/vay-styves.fr\/?p=47120","title":{"rendered":"Les \u00e9lections des repr\u00e9sentants au CME"},"content":{"rendered":"<p>Cette ann\u00e9e, plusieurs CM1 se sont pr\u00e9sent\u00e9s pour \u00eatre nos repr\u00e9sentants au CME (Conseil Municipal des Enfants) de Vay. Marie France, C\u00e9line, Ma\u00eblan et Romane \u00e9taient venus nous expliquer le fonctionnement et l\u2019engagement n\u00e9cessaire. Plusieurs CM1 ont alors voulu se pr\u00e9senter. Apr\u00e8s une courte campagne et la pr\u00e9sentation des id\u00e9es de chaque candidat, jeudi 1<sup>er<\/sup> d\u00e9cembre, les classes de CP\/CE1, CE2 et CM1\/CM2 sont all\u00e9s vot\u00e9s \u00e0 la salle L\u00e9on Chiron. Salom\u00e9 Gautier et Maxime Panhaleux ont \u00e9t\u00e9 \u00e9lus. Bravo \u00e0 eux et \u00e0 tous ceux qui y ont particip\u00e9.<\/p>\n<p><a href=\"https:\/\/vay-styves.fr\/wp-content\/uploads\/2023\/01\/20221201_112352-scaled.jpg\"><img loading=\"lazy\" decoding=\"async\" class=\"alignnone size-medium wp-image-47121\" src=\"https:\/\/vay-styves.fr\/wp-content\/uploads\/2023\/01\/20221201_112352-300x225.jpg\" alt=\"\" width=\"300\" height=\"225\" srcset=\"https:\/\/vay-styves.fr\/wp-content\/uploads\/2023\/01\/20221201_112352-300x225.jpg 300w, https:\/\/vay-styves.fr\/wp-content\/uploads\/2023\/01\/20221201_112352-1024x768.jpg 1024w, https:\/\/vay-styves.fr\/wp-content\/uploads\/2023\/01\/20221201_112352-768x576.jpg 768w, https:\/\/vay-styves.fr\/wp-content\/uploads\/2023\/01\/20221201_112352-1536x1152.jpg 1536w, https:\/\/vay-styves.fr\/wp-content\/uploads\/2023\/01\/20221201_112352-2048x1536.jpg 2048w, https:\/\/vay-styves.fr\/wp-content\/uploads\/2023\/01\/20221201_112352-1440x1080.jpg 1440w\" sizes=\"auto, (max-width: 300px) 100vw, 300px\" \/><\/a> <a href=\"https:\/\/vay-styves.fr\/wp-content\/uploads\/2023\/01\/20221201_112416-scaled.jpg\"><img loading=\"lazy\" decoding=\"async\" class=\"alignnone size-medium wp-image-47122\" src=\"https:\/\/vay-styves.fr\/wp-content\/uploads\/2023\/01\/20221201_112416-300x225.jpg\" alt=\"\" width=\"300\" height=\"225\" srcset=\"https:\/\/vay-styves.fr\/wp-content\/uploads\/2023\/01\/20221201_112416-300x225.jpg 300w, https:\/\/vay-styves.fr\/wp-content\/uploads\/2023\/01\/20221201_112416-1024x768.jpg 1024w, https:\/\/vay-styves.fr\/wp-content\/uploads\/2023\/01\/20221201_112416-768x576.jpg 768w, https:\/\/vay-styves.fr\/wp-content\/uploads\/2023\/01\/20221201_112416-1536x1152.jpg 1536w, https:\/\/vay-styves.fr\/wp-content\/uploads\/2023\/01\/20221201_112416-2048x1536.jpg 2048w, https:\/\/vay-styves.fr\/wp-content\/uploads\/2023\/01\/20221201_112416-1440x1080.jpg 1440w\" sizes=\"auto, (max-width: 300px) 100vw, 300px\" \/><\/a> <a href=\"https:\/\/vay-styves.fr\/wp-content\/uploads\/2023\/01\/20221201_113139-scaled.jpg\"><img loading=\"lazy\" decoding=\"async\" class=\"alignnone size-medium wp-image-47123\" src=\"https:\/\/vay-styves.fr\/wp-content\/uploads\/2023\/01\/20221201_113139-300x225.jpg\" alt=\"\" width=\"300\" height=\"225\" srcset=\"https:\/\/vay-styves.fr\/wp-content\/uploads\/2023\/01\/20221201_113139-300x225.jpg 300w, https:\/\/vay-styves.fr\/wp-content\/uploads\/2023\/01\/20221201_113139-1024x768.jpg 1024w, https:\/\/vay-styves.fr\/wp-content\/uploads\/2023\/01\/20221201_113139-768x576.jpg 768w, https:\/\/vay-styves.fr\/wp-content\/uploads\/2023\/01\/20221201_113139-1536x1152.jpg 1536w, https:\/\/vay-styves.fr\/wp-content\/uploads\/2023\/01\/20221201_113139-2048x1536.jpg 2048w, https:\/\/vay-styves.fr\/wp-content\/uploads\/2023\/01\/20221201_113139-1440x1080.jpg 1440w\" sizes=\"auto, (max-width: 300px) 100vw, 300px\" \/><\/a>&nbsp;<\/p>\n","protected":false},"excerpt":{"rendered":"<p>Cette ann\u00e9e, plusieurs CM1 se sont pr\u00e9sent\u00e9s pour \u00eatre nos repr\u00e9sentants au CME (Conseil Municipal des Enfants) de Vay. Marie France, C\u00e9line, Ma\u00eblan et Romane \u00e9taient venus nous expliquer le fonctionnement et l\u2019engagement n\u00e9cessaire. Plusieurs CM1 ont alors voulu se pr\u00e9senter. Apr\u00e8s une courte campagne et la pr\u00e9sentation des id\u00e9es de chaque candidat, jeudi 1er&hellip; <br \/> <a class=\"read-more\" href=\"https:\/\/vay-styves.fr\/?p=47120\">Lire la suite<\/a><\/p>\n","protected":false},"author":12,"featured_media":47122,"comment_status":"closed","ping_status":"closed","sticky":false,"template":"","format":"standard","meta":{"ngg_post_thumbnail":0,"footnotes":""},"categories":[1],"tags":[],"class_list":["post-47120","post","type-post","status-publish","format-standard","has-post-thumbnail","hentry","category-non-classe"],"_links":{"self":[{"href":"https:\/\/vay-styves.fr\/index.php?rest_route=\/wp\/v2\/posts\/47120","targetHints":{"allow":["GET"]}}],"collection":[{"href":"https:\/\/vay-styves.fr\/index.php?rest_route=\/wp\/v2\/posts"}],"about":[{"href":"https:\/\/vay-styves.fr\/index.php?rest_route=\/wp\/v2\/types\/post"}],"author":[{"embeddable":true,"href":"https:\/\/vay-styves.fr\/index.php?rest_route=\/wp\/v2\/users\/12"}],"replies":[{"embeddable":true,"href":"https:\/\/vay-styves.fr\/index.php?rest_route=%2Fwp%2Fv2%2Fcomments&post=47120"}],"version-history":[{"count":1,"href":"https:\/\/vay-styves.fr\/index.php?rest_route=\/wp\/v2\/posts\/47120\/revisions"}],"predecessor-version":[{"id":47131,"href":"https:\/\/vay-styves.fr\/index.php?rest_route=\/wp\/v2\/posts\/47120\/revisions\/47131"}],"wp:featuredmedia":[{"embeddable":true,"href":"https:\/\/vay-styves.fr\/index.php?rest_route=\/wp\/v2\/media\/47122"}],"wp:attachment":[{"href":"https:\/\/vay-styves.fr\/index.php?rest_route=%2Fwp%2Fv2%2Fmedia&parent=47120"}],"wp:term":[{"taxonomy":"category","embeddable":true,"href":"https:\/\/vay-styves.fr\/index.php?rest_route=%2Fwp%2Fv2%2Fcategories&post=47120"},{"taxonomy":"post_tag","embeddable":true,"href":"https:\/\/vay-styves.fr\/index.php?rest_route=%2Fwp%2Fv2%2Ftags&post=47120"}],"curies":[{"name":"wp","href":"https:\/\/api.w.org\/{rel}","templated":true}]}}