{"id":46434,"date":"2022-06-08T15:26:58","date_gmt":"2022-06-08T14:26:58","guid":{"rendered":"https:\/\/vay-styves.fr\/?p=46434"},"modified":"2022-06-09T19:55:40","modified_gmt":"2022-06-09T18:55:40","slug":"spectacle-petit-terrien-entre-ici-et-la","status":"publish","type":"post","link":"https:\/\/vay-styves.fr\/?p=46434","title":{"rendered":"Spectacle \u00ab\u00a0Petit Terrien&#8230;entre ici et l\u00e0\u00a0\u00bb"},"content":{"rendered":"<p>Vendredi 3 juin, les \u00e9l\u00e8ves de GS-CP et CE1-CE2 ont assist\u00e9 \u00e0 un spectacle \u00e0 la Grigonnais gr\u00e2ce \u00e0 Musique et danse. Les \u00e9l\u00e8ves vous racontent ce spectacle:&nbsp;<\/p>\n<p>\u00ab\u00a0La dame \u00e9tait un peu bizarre, un peu comme si elle \u00e9tait t\u00e9l\u00e9command\u00e9e.&nbsp;<\/p>\n<p>Il y avait plusieurs \u00e9tapes: au d\u00e9but, elle travaillait avec les cordes, apr\u00e8s avec des culbutos et ensuite avec la Terre qui faisait un bruit d&rsquo;eau.&nbsp;<\/p>\n<p>Elle faisait balancer les b\u00e2tons accroch\u00e9s aux culbutos, elle s&rsquo;accrochait \u00e0 eux! On voyait aussi son ombre, c&rsquo;\u00e9tait joli!<\/p>\n<p>&nbsp;C&rsquo;\u00e9tait bien quand on voyait la Terre en grand! On aurait dit que la plan\u00e8te allait sortir sur nous et s&rsquo;\u00e9chapper de l&rsquo;\u00e9cran avec le zoom. Quand la Terre \u00e9tait toute marron, j&rsquo;aimais moins!<\/p>\n<p>Il y avait la pluie sur l&rsquo;\u00e9cran comme la ros\u00e9e du matin.&nbsp;<\/p>\n<p>A un moment, elle a assembl\u00e9 les deux morceaux pour refaire notre Terre.\u00a0\u00bb<\/p>\n<p>Merci pour ce beau spectacle!&nbsp;&nbsp;<\/p>\n<p>&nbsp;<\/p>\n","protected":false},"excerpt":{"rendered":"<p>Vendredi 3 juin, les \u00e9l\u00e8ves de GS-CP et CE1-CE2 ont assist\u00e9 \u00e0 un spectacle \u00e0 la Grigonnais gr\u00e2ce \u00e0 Musique et danse. Les \u00e9l\u00e8ves vous racontent ce spectacle:&nbsp; \u00ab\u00a0La dame \u00e9tait un peu bizarre, un peu comme si elle \u00e9tait t\u00e9l\u00e9command\u00e9e.&nbsp; Il y avait plusieurs \u00e9tapes: au d\u00e9but, elle travaillait avec les cordes, apr\u00e8s avec&hellip; <br \/> <a class=\"read-more\" href=\"https:\/\/vay-styves.fr\/?p=46434\">Lire la suite<\/a><\/p>\n","protected":false},"author":13,"featured_media":46435,"comment_status":"closed","ping_status":"closed","sticky":false,"template":"","format":"standard","meta":{"ngg_post_thumbnail":0,"footnotes":""},"categories":[15,1],"tags":[],"class_list":["post-46434","post","type-post","status-publish","format-standard","has-post-thumbnail","hentry","category-actualites-ms-gs","category-non-classe"],"_links":{"self":[{"href":"https:\/\/vay-styves.fr\/index.php?rest_route=\/wp\/v2\/posts\/46434","targetHints":{"allow":["GET"]}}],"collection":[{"href":"https:\/\/vay-styves.fr\/index.php?rest_route=\/wp\/v2\/posts"}],"about":[{"href":"https:\/\/vay-styves.fr\/index.php?rest_route=\/wp\/v2\/types\/post"}],"author":[{"embeddable":true,"href":"https:\/\/vay-styves.fr\/index.php?rest_route=\/wp\/v2\/users\/13"}],"replies":[{"embeddable":true,"href":"https:\/\/vay-styves.fr\/index.php?rest_route=%2Fwp%2Fv2%2Fcomments&post=46434"}],"version-history":[{"count":1,"href":"https:\/\/vay-styves.fr\/index.php?rest_route=\/wp\/v2\/posts\/46434\/revisions"}],"predecessor-version":[{"id":46437,"href":"https:\/\/vay-styves.fr\/index.php?rest_route=\/wp\/v2\/posts\/46434\/revisions\/46437"}],"wp:featuredmedia":[{"embeddable":true,"href":"https:\/\/vay-styves.fr\/index.php?rest_route=\/wp\/v2\/media\/46435"}],"wp:attachment":[{"href":"https:\/\/vay-styves.fr\/index.php?rest_route=%2Fwp%2Fv2%2Fmedia&parent=46434"}],"wp:term":[{"taxonomy":"category","embeddable":true,"href":"https:\/\/vay-styves.fr\/index.php?rest_route=%2Fwp%2Fv2%2Fcategories&post=46434"},{"taxonomy":"post_tag","embeddable":true,"href":"https:\/\/vay-styves.fr\/index.php?rest_route=%2Fwp%2Fv2%2Ftags&post=46434"}],"curies":[{"name":"wp","href":"https:\/\/api.w.org\/{rel}","templated":true}]}}