{"id":45575,"date":"2021-12-19T11:01:16","date_gmt":"2021-12-19T10:01:16","guid":{"rendered":"https:\/\/vay-styves.fr\/?p=45575"},"modified":"2021-12-19T11:01:16","modified_gmt":"2021-12-19T10:01:16","slug":"celebration-de-noel-%f0%9f%8e%84","status":"publish","type":"post","link":"https:\/\/vay-styves.fr\/?p=45575","title":{"rendered":"C\u00e9l\u00e9bration de No\u00ebl &#x1f384;"},"content":{"rendered":"<p>Nous sommes heureux d&rsquo;avoir pu vivre la c\u00e9l\u00e9bration de No\u00ebl \u00e0 l&rsquo;\u00e9glise malgr\u00e9 les contraintes du protocole. Pour cette raison, nous avons v\u00e9cu ce temps fort par groupe et les familles n&rsquo;ont pas pu \u00eatre invit\u00e9es \u00e0 y participer.<\/p>\n<p>Un premier temps a \u00e9t\u00e9 partag\u00e9 avec les \u00e9l\u00e8ves du CE1 au CM2 en compagnie de Marie-France, notre cat\u00e9chiste et du P\u00e8re R\u00e9my. Les enfants avaient pr\u00e9par\u00e9 des pompons et des cristaux, symbolisant la douceur et la fragilit\u00e9 de l&rsquo;enfant J\u00e9sus, des \u00e9toiles qui nous guident pour suivre le chemin et des cartes de v\u0153ux \u00e0 offrir \u00e0 d\u00e9poser dans la tr\u00e8s belle cr\u00e8che de notre \u00e9glise Saint Pierre.<\/p>\n<p>Ensuite, les \u00e9l\u00e8ves de la classe de St\u00e9phanie et d&rsquo;Elo\u00efse sont venus \u00e0 leur tour vivre ce temps de partage.<\/p>\n<div id=\"sconnect-is-installed\" style=\"display: none;\">&nbsp;<\/div>\nngg_shortcode_0_placeholder\n","protected":false},"excerpt":{"rendered":"<p>Nous sommes heureux d&rsquo;avoir pu vivre la c\u00e9l\u00e9bration de No\u00ebl \u00e0 l&rsquo;\u00e9glise malgr\u00e9 les contraintes du protocole. Pour cette raison, nous avons v\u00e9cu ce temps fort par groupe et les familles n&rsquo;ont pas pu \u00eatre invit\u00e9es \u00e0 y participer. Un premier temps a \u00e9t\u00e9 partag\u00e9 avec les \u00e9l\u00e8ves du CE1 au CM2 en compagnie de&hellip; <br \/> <a class=\"read-more\" href=\"https:\/\/vay-styves.fr\/?p=45575\">Lire la suite<\/a><\/p>\n","protected":false},"author":11,"featured_media":0,"comment_status":"closed","ping_status":"closed","sticky":false,"template":"","format":"standard","meta":{"ngg_post_thumbnail":0,"footnotes":""},"categories":[17,18,16,15,14],"tags":[],"class_list":["post-45575","post","type-post","status-publish","format-standard","hentry","category-actualites-ce2-cm1","category-actualites-cm2","category-actualites-cp","category-actualites-ms-gs","category-actualites-ps"],"_links":{"self":[{"href":"https:\/\/vay-styves.fr\/index.php?rest_route=\/wp\/v2\/posts\/45575","targetHints":{"allow":["GET"]}}],"collection":[{"href":"https:\/\/vay-styves.fr\/index.php?rest_route=\/wp\/v2\/posts"}],"about":[{"href":"https:\/\/vay-styves.fr\/index.php?rest_route=\/wp\/v2\/types\/post"}],"author":[{"embeddable":true,"href":"https:\/\/vay-styves.fr\/index.php?rest_route=\/wp\/v2\/users\/11"}],"replies":[{"embeddable":true,"href":"https:\/\/vay-styves.fr\/index.php?rest_route=%2Fwp%2Fv2%2Fcomments&post=45575"}],"version-history":[{"count":1,"href":"https:\/\/vay-styves.fr\/index.php?rest_route=\/wp\/v2\/posts\/45575\/revisions"}],"predecessor-version":[{"id":45619,"href":"https:\/\/vay-styves.fr\/index.php?rest_route=\/wp\/v2\/posts\/45575\/revisions\/45619"}],"wp:attachment":[{"href":"https:\/\/vay-styves.fr\/index.php?rest_route=%2Fwp%2Fv2%2Fmedia&parent=45575"}],"wp:term":[{"taxonomy":"category","embeddable":true,"href":"https:\/\/vay-styves.fr\/index.php?rest_route=%2Fwp%2Fv2%2Fcategories&post=45575"},{"taxonomy":"post_tag","embeddable":true,"href":"https:\/\/vay-styves.fr\/index.php?rest_route=%2Fwp%2Fv2%2Ftags&post=45575"}],"curies":[{"name":"wp","href":"https:\/\/api.w.org\/{rel}","templated":true}]}}