{"id":45478,"date":"2021-12-03T21:10:16","date_gmt":"2021-12-03T20:10:16","guid":{"rendered":"https:\/\/vay-styves.fr\/?p=45478"},"modified":"2021-12-05T13:24:59","modified_gmt":"2021-12-05T12:24:59","slug":"a-la-maniere-de-van-gogh","status":"publish","type":"post","link":"https:\/\/vay-styves.fr\/?p=45478","title":{"rendered":"A la d\u00e9couverte de Van Gogh"},"content":{"rendered":"<p>Dans le cadre de notre projet d&rsquo;\u00e9cole sur les arts, les diff\u00e9rentes classes ont \u00e9tudi\u00e9 l&rsquo;artiste Vincent Van Gogh. Diff\u00e9rentes productions ont \u00e9t\u00e9 r\u00e9alis\u00e9es en arts visuels dans chaque classe.<\/p>\n<p>*<span style=\"text-decoration: underline;\">Voici celles inspir\u00e9es de \u00ab\u00a0La nuit \u00e9toil\u00e9e\u00a0\u00bb :<\/span><\/p>\n<p><a href=\"https:\/\/vay-styves.fr\/wp-content\/uploads\/2021\/12\/IMG-20211129-WA0000.jpg\"><img loading=\"lazy\" decoding=\"async\" class=\"alignnone size-medium wp-image-45485\" src=\"https:\/\/vay-styves.fr\/wp-content\/uploads\/2021\/12\/IMG-20211129-WA0000-300x225.jpg\" alt=\"\" width=\"300\" height=\"225\" srcset=\"https:\/\/vay-styves.fr\/wp-content\/uploads\/2021\/12\/IMG-20211129-WA0000-300x225.jpg 300w, https:\/\/vay-styves.fr\/wp-content\/uploads\/2021\/12\/IMG-20211129-WA0000-768x576.jpg 768w, https:\/\/vay-styves.fr\/wp-content\/uploads\/2021\/12\/IMG-20211129-WA0000.jpg 1024w\" sizes=\"auto, (max-width: 300px) 100vw, 300px\" \/><\/a><\/p>\n<p>Les CE2-CM1 ont r\u00e9alis\u00e9 une \u0153uvre collective o\u00f9 chacun devait reproduire un fragment de l\u2019\u0153uvre avec des pastels gras. Toutes les productions ont \u00e9t\u00e9 assembl\u00e9es \u00e0 la mani\u00e8re d&rsquo;un puzzle.<\/p>\n<p><a href=\"https:\/\/vay-styves.fr\/wp-content\/uploads\/2021\/12\/IMG_20211129_123900-ConvertImage.jpg\"><img loading=\"lazy\" decoding=\"async\" class=\"alignnone size-medium wp-image-45484\" src=\"https:\/\/vay-styves.fr\/wp-content\/uploads\/2021\/12\/IMG_20211129_123900-ConvertImage-300x227.jpg\" alt=\"\" width=\"300\" height=\"227\" srcset=\"https:\/\/vay-styves.fr\/wp-content\/uploads\/2021\/12\/IMG_20211129_123900-ConvertImage-300x227.jpg 300w, https:\/\/vay-styves.fr\/wp-content\/uploads\/2021\/12\/IMG_20211129_123900-ConvertImage-1024x776.jpg 1024w, https:\/\/vay-styves.fr\/wp-content\/uploads\/2021\/12\/IMG_20211129_123900-ConvertImage-768x582.jpg 768w, https:\/\/vay-styves.fr\/wp-content\/uploads\/2021\/12\/IMG_20211129_123900-ConvertImage-1536x1164.jpg 1536w, https:\/\/vay-styves.fr\/wp-content\/uploads\/2021\/12\/IMG_20211129_123900-ConvertImage-2048x1552.jpg 2048w\" sizes=\"auto, (max-width: 300px) 100vw, 300px\" \/><\/a><\/p>\n<p>Les CE1-CE2 ont r\u00e9alis\u00e9 un collage de morceaux de papier color\u00e9s de magazines.<\/p>\n<p><a href=\"https:\/\/vay-styves.fr\/wp-content\/uploads\/2021\/12\/IMG_20211115_170956-ConvertImage-scaled-e1638367065237.jpg\"><img loading=\"lazy\" decoding=\"async\" class=\"alignnone size-medium wp-image-45480\" src=\"https:\/\/vay-styves.fr\/wp-content\/uploads\/2021\/12\/IMG_20211115_170956-ConvertImage-scaled-e1638367065237-300x234.jpg\" alt=\"\" width=\"300\" height=\"234\" srcset=\"https:\/\/vay-styves.fr\/wp-content\/uploads\/2021\/12\/IMG_20211115_170956-ConvertImage-scaled-e1638367065237-300x234.jpg 300w, https:\/\/vay-styves.fr\/wp-content\/uploads\/2021\/12\/IMG_20211115_170956-ConvertImage-scaled-e1638367065237-1024x800.jpg 1024w, https:\/\/vay-styves.fr\/wp-content\/uploads\/2021\/12\/IMG_20211115_170956-ConvertImage-scaled-e1638367065237-768x600.jpg 768w, https:\/\/vay-styves.fr\/wp-content\/uploads\/2021\/12\/IMG_20211115_170956-ConvertImage-scaled-e1638367065237-1536x1200.jpg 1536w, https:\/\/vay-styves.fr\/wp-content\/uploads\/2021\/12\/IMG_20211115_170956-ConvertImage-scaled-e1638367065237.jpg 1638w\" sizes=\"auto, (max-width: 300px) 100vw, 300px\" \/><\/a><\/p>\n<p>Les MS ont r\u00e9alis\u00e9 les fonds bleus \u00e0 la peinture au rouleau puis ont gratt\u00e9 la peinture pour imiter les traits de pinceau. Les PS ont coll\u00e9 les gommettes \u00e9toiles.<\/p>\n<p>&nbsp;<\/p>\n<p>*<span style=\"text-decoration: underline;\">Voici celles inspir\u00e9es par \u00ab\u00a0les tournesols\u00a0\u00bb :<\/span><\/p>\n<p><a href=\"https:\/\/vay-styves.fr\/wp-content\/uploads\/2021\/12\/IMG_20211126_105802-ConvertImage-e1638367321767.jpg\"><img loading=\"lazy\" decoding=\"async\" class=\"alignnone size-medium wp-image-45483\" src=\"https:\/\/vay-styves.fr\/wp-content\/uploads\/2021\/12\/IMG_20211126_105802-ConvertImage-e1638367321767-300x247.jpg\" alt=\"\" width=\"300\" height=\"247\" srcset=\"https:\/\/vay-styves.fr\/wp-content\/uploads\/2021\/12\/IMG_20211126_105802-ConvertImage-e1638367321767-300x247.jpg 300w, https:\/\/vay-styves.fr\/wp-content\/uploads\/2021\/12\/IMG_20211126_105802-ConvertImage-e1638367321767-1024x842.jpg 1024w, https:\/\/vay-styves.fr\/wp-content\/uploads\/2021\/12\/IMG_20211126_105802-ConvertImage-e1638367321767-768x632.jpg 768w, https:\/\/vay-styves.fr\/wp-content\/uploads\/2021\/12\/IMG_20211126_105802-ConvertImage-e1638367321767-1536x1264.jpg 1536w, https:\/\/vay-styves.fr\/wp-content\/uploads\/2021\/12\/IMG_20211126_105802-ConvertImage-e1638367321767.jpg 1935w\" sizes=\"auto, (max-width: 300px) 100vw, 300px\" \/><\/a><\/p>\n<p>Les CM2 ont peint des fleurs sur des carreaux de fa\u00efence blancs.<\/p>\n<p><a href=\"https:\/\/vay-styves.fr\/wp-content\/uploads\/2021\/12\/IMG_20211126_104817-scaled-e1638367418995.jpg\"><img loading=\"lazy\" decoding=\"async\" class=\"alignnone size-medium wp-image-45482\" src=\"https:\/\/vay-styves.fr\/wp-content\/uploads\/2021\/12\/IMG_20211126_104817-scaled-e1638367418995-226x300.jpg\" alt=\"\" width=\"226\" height=\"300\" srcset=\"https:\/\/vay-styves.fr\/wp-content\/uploads\/2021\/12\/IMG_20211126_104817-scaled-e1638367418995-226x300.jpg 226w, https:\/\/vay-styves.fr\/wp-content\/uploads\/2021\/12\/IMG_20211126_104817-scaled-e1638367418995-770x1024.jpg 770w, https:\/\/vay-styves.fr\/wp-content\/uploads\/2021\/12\/IMG_20211126_104817-scaled-e1638367418995-768x1021.jpg 768w, https:\/\/vay-styves.fr\/wp-content\/uploads\/2021\/12\/IMG_20211126_104817-scaled-e1638367418995-300x400.jpg 300w, https:\/\/vay-styves.fr\/wp-content\/uploads\/2021\/12\/IMG_20211126_104817-scaled-e1638367418995-1155x1536.jpg 1155w, https:\/\/vay-styves.fr\/wp-content\/uploads\/2021\/12\/IMG_20211126_104817-scaled-e1638367418995.jpg 1280w\" sizes=\"auto, (max-width: 226px) 100vw, 226px\" \/><\/a><\/p>\n<p>Les CE1-CE2 ont r\u00e9alis\u00e9 un autre collage avec des morceaux de papier color\u00e9s.<\/p>\n<p><a href=\"https:\/\/vay-styves.fr\/wp-content\/uploads\/2021\/12\/IMG_20211126_101058-1-scaled.jpg\"><img loading=\"lazy\" decoding=\"async\" class=\"alignnone size-large wp-image-45490\" src=\"https:\/\/vay-styves.fr\/wp-content\/uploads\/2021\/12\/IMG_20211126_101058-1-1024x464.jpg\" alt=\"\" width=\"604\" height=\"274\" srcset=\"https:\/\/vay-styves.fr\/wp-content\/uploads\/2021\/12\/IMG_20211126_101058-1-1024x464.jpg 1024w, https:\/\/vay-styves.fr\/wp-content\/uploads\/2021\/12\/IMG_20211126_101058-1-300x136.jpg 300w, https:\/\/vay-styves.fr\/wp-content\/uploads\/2021\/12\/IMG_20211126_101058-1-768x348.jpg 768w, https:\/\/vay-styves.fr\/wp-content\/uploads\/2021\/12\/IMG_20211126_101058-1-1536x695.jpg 1536w, https:\/\/vay-styves.fr\/wp-content\/uploads\/2021\/12\/IMG_20211126_101058-1-2048x927.jpg 2048w\" sizes=\"auto, (max-width: 604px) 100vw, 604px\" \/><\/a><\/p>\n<p>Les GS-CP ont r\u00e9alis\u00e9 le fond \u00e0 l&rsquo;encre. Ils ont d\u00e9cor\u00e9 le vase avec des graphismes. Les fleurs ont \u00e9t\u00e9 d\u00e9coup\u00e9es dans du papier jaune.<\/p>\n<p>&nbsp;<\/p>\n<p>Le vendredi 26 novembre, un petit vernissage a \u00e9t\u00e9 organis\u00e9. Chaque classe est all\u00e9e regarder et d\u00e9crire les r\u00e9alisations des autres classes.<\/p>\n<p><a href=\"https:\/\/vay-styves.fr\/wp-content\/uploads\/2021\/12\/IMG_20211126_104928-scaled.jpg\"><img loading=\"lazy\" decoding=\"async\" class=\"alignnone size-medium wp-image-45488\" src=\"https:\/\/vay-styves.fr\/wp-content\/uploads\/2021\/12\/IMG_20211126_104928-150x300.jpg\" alt=\"\" width=\"150\" height=\"300\" srcset=\"https:\/\/vay-styves.fr\/wp-content\/uploads\/2021\/12\/IMG_20211126_104928-150x300.jpg 150w, https:\/\/vay-styves.fr\/wp-content\/uploads\/2021\/12\/IMG_20211126_104928-512x1024.jpg 512w, https:\/\/vay-styves.fr\/wp-content\/uploads\/2021\/12\/IMG_20211126_104928-768x1536.jpg 768w, https:\/\/vay-styves.fr\/wp-content\/uploads\/2021\/12\/IMG_20211126_104928-1024x2048.jpg 1024w, https:\/\/vay-styves.fr\/wp-content\/uploads\/2021\/12\/IMG_20211126_104928-scaled.jpg 1280w\" sizes=\"auto, (max-width: 150px) 100vw, 150px\" \/><\/a> <a href=\"https:\/\/vay-styves.fr\/wp-content\/uploads\/2021\/12\/IMG_20211126_104752-scaled-e1638367740520.jpg\"><img loading=\"lazy\" decoding=\"async\" class=\"alignnone size-medium wp-image-45487\" src=\"https:\/\/vay-styves.fr\/wp-content\/uploads\/2021\/12\/IMG_20211126_104752-scaled-e1638367740520-300x150.jpg\" alt=\"\" width=\"300\" height=\"150\" srcset=\"https:\/\/vay-styves.fr\/wp-content\/uploads\/2021\/12\/IMG_20211126_104752-scaled-e1638367740520-300x150.jpg 300w, https:\/\/vay-styves.fr\/wp-content\/uploads\/2021\/12\/IMG_20211126_104752-scaled-e1638367740520-1024x512.jpg 1024w, https:\/\/vay-styves.fr\/wp-content\/uploads\/2021\/12\/IMG_20211126_104752-scaled-e1638367740520-768x384.jpg 768w, https:\/\/vay-styves.fr\/wp-content\/uploads\/2021\/12\/IMG_20211126_104752-scaled-e1638367740520-1536x768.jpg 1536w, https:\/\/vay-styves.fr\/wp-content\/uploads\/2021\/12\/IMG_20211126_104752-scaled-e1638367740520-2048x1024.jpg 2048w\" sizes=\"auto, (max-width: 300px) 100vw, 300px\" \/><\/a><\/p>\n<p>En janvier, l&rsquo;\u00e9tude d&rsquo;un autre artiste peintre est pr\u00e9vue : Seurat.<\/p>\n<div id=\"sconnect-is-installed\">&nbsp;<\/div>\n<div id=\"sconnect-is-installed\" style=\"display: none;\">&nbsp;<\/div>\n","protected":false},"excerpt":{"rendered":"<p>Dans le cadre de notre projet d&rsquo;\u00e9cole sur les arts, les diff\u00e9rentes classes ont \u00e9tudi\u00e9 l&rsquo;artiste Vincent Van Gogh. Diff\u00e9rentes productions ont \u00e9t\u00e9 r\u00e9alis\u00e9es en arts visuels dans chaque classe. *Voici celles inspir\u00e9es de \u00ab\u00a0La nuit \u00e9toil\u00e9e\u00a0\u00bb : Les CE2-CM1 ont r\u00e9alis\u00e9 une \u0153uvre collective o\u00f9 chacun devait reproduire un fragment de l\u2019\u0153uvre avec des&hellip; <br \/> <a class=\"read-more\" href=\"https:\/\/vay-styves.fr\/?p=45478\">Lire la suite<\/a><\/p>\n","protected":false},"author":9,"featured_media":0,"comment_status":"closed","ping_status":"closed","sticky":false,"template":"","format":"standard","meta":{"ngg_post_thumbnail":0,"footnotes":""},"categories":[17,18,16,15,14],"tags":[],"class_list":["post-45478","post","type-post","status-publish","format-standard","hentry","category-actualites-ce2-cm1","category-actualites-cm2","category-actualites-cp","category-actualites-ms-gs","category-actualites-ps"],"_links":{"self":[{"href":"https:\/\/vay-styves.fr\/index.php?rest_route=\/wp\/v2\/posts\/45478","targetHints":{"allow":["GET"]}}],"collection":[{"href":"https:\/\/vay-styves.fr\/index.php?rest_route=\/wp\/v2\/posts"}],"about":[{"href":"https:\/\/vay-styves.fr\/index.php?rest_route=\/wp\/v2\/types\/post"}],"author":[{"embeddable":true,"href":"https:\/\/vay-styves.fr\/index.php?rest_route=\/wp\/v2\/users\/9"}],"replies":[{"embeddable":true,"href":"https:\/\/vay-styves.fr\/index.php?rest_route=%2Fwp%2Fv2%2Fcomments&post=45478"}],"version-history":[{"count":7,"href":"https:\/\/vay-styves.fr\/index.php?rest_route=\/wp\/v2\/posts\/45478\/revisions"}],"predecessor-version":[{"id":45503,"href":"https:\/\/vay-styves.fr\/index.php?rest_route=\/wp\/v2\/posts\/45478\/revisions\/45503"}],"wp:attachment":[{"href":"https:\/\/vay-styves.fr\/index.php?rest_route=%2Fwp%2Fv2%2Fmedia&parent=45478"}],"wp:term":[{"taxonomy":"category","embeddable":true,"href":"https:\/\/vay-styves.fr\/index.php?rest_route=%2Fwp%2Fv2%2Fcategories&post=45478"},{"taxonomy":"post_tag","embeddable":true,"href":"https:\/\/vay-styves.fr\/index.php?rest_route=%2Fwp%2Fv2%2Ftags&post=45478"}],"curies":[{"name":"wp","href":"https:\/\/api.w.org\/{rel}","templated":true}]}}