{"id":45165,"date":"2021-10-06T22:24:52","date_gmt":"2021-10-06T21:24:52","guid":{"rendered":"https:\/\/vay-styves.fr\/?p=45165"},"modified":"2021-10-09T18:24:13","modified_gmt":"2021-10-09T17:24:13","slug":"les-cm-au-cross-du-college","status":"publish","type":"post","link":"https:\/\/vay-styves.fr\/?p=45165","title":{"rendered":"Les CM au cross du coll\u00e8ge"},"content":{"rendered":"<p>Mardi matin 5 octobre, tous les CM de l\u2019\u00e9cole sont all\u00e9s participer au cross du coll\u00e8ge St Joseph qui avait lieu dans le parc du ch\u00e2teau de La Touche \u00e0 Nozay.<\/p>\n<p>Le parcours avait \u00e9t\u00e9 rendu glissant par les pluies du week-end mais il faisait beau et les enfants \u00e9taient press\u00e9s de revoir les 6<sup>\u00e8mes <\/sup>&nbsp;et d\u2019affronter les CM des \u00e9coles environnantes. Pour pr\u00e9parer cette course, ils s\u2019\u00e9taient notamment entra\u00een\u00e9s autour de l\u2019\u00e9tang de Langast la semaine pr\u00e9c\u00e9dente.<\/p>\n<p>Tous ont bien courus et certains vayens se sont particuli\u00e8rement illustr\u00e9s&nbsp;:<\/p>\n<p>-Chez les CM1, Man\u00e9a termine 4<sup>\u00e8me <\/sup>de sa course. Ma\u00eblan, Abel et Gaspard sont tous les trois sur le podium et ont \u00e9t\u00e9 tr\u00e8s acclam\u00e9s par la foule lors de la remise des m\u00e9dailles par la directrice du coll\u00e8ge.<\/p>\n<p>-En CM2, Anna termine 6<sup>\u00e8me<\/sup> et Malvyn se place \u00e0 la 2<sup>\u00e8me<\/sup> place apr\u00e8s un joli sprint final. Elouan est au pied du podium \u00e0 la 4<sup>\u00e8me<\/sup> place.<\/p>\n<p>De retour \u00e0 l\u2019\u00e9cole, les enfants ont pu pique-niquer sur la cour.<\/p>\n<p>Bravo \u00e0 tous pour ces performances et vos encouragements&nbsp;!<\/p>\n<p><a href=\"https:\/\/vay-styves.fr\/wp-content\/uploads\/2021\/10\/20211005_115127-scaled.jpg\"><img loading=\"lazy\" decoding=\"async\" class=\"alignnone size-medium wp-image-45168\" src=\"https:\/\/vay-styves.fr\/wp-content\/uploads\/2021\/10\/20211005_115127-300x225.jpg\" alt=\"\" width=\"300\" height=\"225\" srcset=\"https:\/\/vay-styves.fr\/wp-content\/uploads\/2021\/10\/20211005_115127-300x225.jpg 300w, https:\/\/vay-styves.fr\/wp-content\/uploads\/2021\/10\/20211005_115127-1024x768.jpg 1024w, https:\/\/vay-styves.fr\/wp-content\/uploads\/2021\/10\/20211005_115127-768x576.jpg 768w, https:\/\/vay-styves.fr\/wp-content\/uploads\/2021\/10\/20211005_115127-1536x1152.jpg 1536w, https:\/\/vay-styves.fr\/wp-content\/uploads\/2021\/10\/20211005_115127-2048x1536.jpg 2048w\" sizes=\"auto, (max-width: 300px) 100vw, 300px\" \/><\/a> <a href=\"https:\/\/vay-styves.fr\/wp-content\/uploads\/2021\/10\/IMG-20211005-WA0004.jpg\"><img loading=\"lazy\" decoding=\"async\" class=\"alignnone size-medium wp-image-45167\" src=\"https:\/\/vay-styves.fr\/wp-content\/uploads\/2021\/10\/IMG-20211005-WA0004-300x225.jpg\" alt=\"\" width=\"300\" height=\"225\" srcset=\"https:\/\/vay-styves.fr\/wp-content\/uploads\/2021\/10\/IMG-20211005-WA0004-300x225.jpg 300w, https:\/\/vay-styves.fr\/wp-content\/uploads\/2021\/10\/IMG-20211005-WA0004-768x576.jpg 768w, https:\/\/vay-styves.fr\/wp-content\/uploads\/2021\/10\/IMG-20211005-WA0004.jpg 1024w\" sizes=\"auto, (max-width: 300px) 100vw, 300px\" \/><\/a> <a href=\"https:\/\/vay-styves.fr\/wp-content\/uploads\/2021\/10\/20210930_154156-scaled.jpg\"><img loading=\"lazy\" decoding=\"async\" class=\"alignnone size-medium wp-image-45166\" src=\"https:\/\/vay-styves.fr\/wp-content\/uploads\/2021\/10\/20210930_154156-300x225.jpg\" alt=\"\" width=\"300\" height=\"225\" srcset=\"https:\/\/vay-styves.fr\/wp-content\/uploads\/2021\/10\/20210930_154156-300x225.jpg 300w, https:\/\/vay-styves.fr\/wp-content\/uploads\/2021\/10\/20210930_154156-1024x768.jpg 1024w, https:\/\/vay-styves.fr\/wp-content\/uploads\/2021\/10\/20210930_154156-768x576.jpg 768w, https:\/\/vay-styves.fr\/wp-content\/uploads\/2021\/10\/20210930_154156-1536x1152.jpg 1536w, https:\/\/vay-styves.fr\/wp-content\/uploads\/2021\/10\/20210930_154156-2048x1536.jpg 2048w\" sizes=\"auto, (max-width: 300px) 100vw, 300px\" \/><\/a><\/p>\n","protected":false},"excerpt":{"rendered":"<p>Mardi matin 5 octobre, tous les CM de l\u2019\u00e9cole sont all\u00e9s participer au cross du coll\u00e8ge St Joseph qui avait lieu dans le parc du ch\u00e2teau de La Touche \u00e0 Nozay. Le parcours avait \u00e9t\u00e9 rendu glissant par les pluies du week-end mais il faisait beau et les enfants \u00e9taient press\u00e9s de revoir les 6\u00e8mes&hellip; <br \/> <a class=\"read-more\" href=\"https:\/\/vay-styves.fr\/?p=45165\">Lire la suite<\/a><\/p>\n","protected":false},"author":12,"featured_media":0,"comment_status":"closed","ping_status":"closed","sticky":false,"template":"","format":"standard","meta":{"ngg_post_thumbnail":0,"footnotes":""},"categories":[17,18],"tags":[],"class_list":["post-45165","post","type-post","status-publish","format-standard","hentry","category-actualites-ce2-cm1","category-actualites-cm2"],"_links":{"self":[{"href":"https:\/\/vay-styves.fr\/index.php?rest_route=\/wp\/v2\/posts\/45165","targetHints":{"allow":["GET"]}}],"collection":[{"href":"https:\/\/vay-styves.fr\/index.php?rest_route=\/wp\/v2\/posts"}],"about":[{"href":"https:\/\/vay-styves.fr\/index.php?rest_route=\/wp\/v2\/types\/post"}],"author":[{"embeddable":true,"href":"https:\/\/vay-styves.fr\/index.php?rest_route=\/wp\/v2\/users\/12"}],"replies":[{"embeddable":true,"href":"https:\/\/vay-styves.fr\/index.php?rest_route=%2Fwp%2Fv2%2Fcomments&post=45165"}],"version-history":[{"count":2,"href":"https:\/\/vay-styves.fr\/index.php?rest_route=\/wp\/v2\/posts\/45165\/revisions"}],"predecessor-version":[{"id":45178,"href":"https:\/\/vay-styves.fr\/index.php?rest_route=\/wp\/v2\/posts\/45165\/revisions\/45178"}],"wp:attachment":[{"href":"https:\/\/vay-styves.fr\/index.php?rest_route=%2Fwp%2Fv2%2Fmedia&parent=45165"}],"wp:term":[{"taxonomy":"category","embeddable":true,"href":"https:\/\/vay-styves.fr\/index.php?rest_route=%2Fwp%2Fv2%2Fcategories&post=45165"},{"taxonomy":"post_tag","embeddable":true,"href":"https:\/\/vay-styves.fr\/index.php?rest_route=%2Fwp%2Fv2%2Ftags&post=45165"}],"curies":[{"name":"wp","href":"https:\/\/api.w.org\/{rel}","templated":true}]}}