{"id":44562,"date":"2021-07-12T11:30:46","date_gmt":"2021-07-12T10:30:46","guid":{"rendered":"https:\/\/vay-styves.fr\/?p=44562"},"modified":"2021-08-30T11:07:39","modified_gmt":"2021-08-30T10:07:39","slug":"journee-a-la-mer","status":"publish","type":"post","link":"https:\/\/vay-styves.fr\/?p=44562","title":{"rendered":"Journ\u00e9e \u00e0 la mer"},"content":{"rendered":"<p>Le mardi 8 juin, les enfants sont enfin all\u00e9s \u00e0 Pr\u00e9failles !&nbsp; Cette sortie \u00e9tait tr\u00e8s attendue, surtout par les enfants qui devaient partir en juin 2020 en s\u00e9jour d\u00e9couverte avec Genevi\u00e8ve.<\/p>\n<p>&nbsp;<\/p>\n<p>&nbsp;<\/p>\n<p>Le matin, Val\u00e9rie, une animatrice du centre de Jade, nous a guid\u00e9 sur l&rsquo;estran. Les enfants sont partis \u00e0 la d\u00e9couverte des animaux et plantes qui vivent sur les rochers et dans les mares.<\/p>\n<p>Les enfants ont pu observer des patelles, des huitres, des bigorneaux, des balanes, des algues, des crabes, des littorines&#8230; Un groupe a m\u00eame aper\u00e7u une m\u00e9duse \u00e9chou\u00e9e sur les rochers.<\/p>\n<p>&nbsp;<\/p>\n<p>&nbsp;<\/p>\n<p>&nbsp;<\/p>\n<p>&nbsp;<\/p>\n<p>&nbsp;<\/p>\n<p>&nbsp;<\/p>\n<p>&nbsp;<\/p>\n<p>&nbsp;<\/p>\n<p>&nbsp;<\/p>\n<p>&nbsp;<\/p>\n<p>&nbsp;<\/p>\n<p>&nbsp;<\/p>\n<p>&nbsp;<\/p>\n<p>&nbsp;<\/p>\n<p>&nbsp;<\/p>\n<p>&nbsp;&nbsp;&nbsp;&nbsp;&nbsp;&nbsp;&nbsp;&nbsp;&nbsp;&nbsp;<\/p>\n<div id=\"sconnect-is-installed\" style=\"display: none;\">&nbsp;<\/div>\n","protected":false},"excerpt":{"rendered":"<p>Le mardi 8 juin, les enfants sont enfin all\u00e9s \u00e0 Pr\u00e9failles !&nbsp; Cette sortie \u00e9tait tr\u00e8s attendue, surtout par les enfants qui devaient partir en juin 2020 en s\u00e9jour d\u00e9couverte avec Genevi\u00e8ve. &nbsp; &nbsp; Le matin, Val\u00e9rie, une animatrice du centre de Jade, nous a guid\u00e9 sur l&rsquo;estran. Les enfants sont partis \u00e0 la d\u00e9couverte&hellip; <br \/> <a class=\"read-more\" href=\"https:\/\/vay-styves.fr\/?p=44562\">Lire la suite<\/a><\/p>\n","protected":false},"author":9,"featured_media":0,"comment_status":"closed","ping_status":"closed","sticky":false,"template":"","format":"standard","meta":{"ngg_post_thumbnail":0,"footnotes":""},"categories":[15],"tags":[],"class_list":["post-44562","post","type-post","status-publish","format-standard","hentry","category-actualites-ms-gs"],"_links":{"self":[{"href":"https:\/\/vay-styves.fr\/index.php?rest_route=\/wp\/v2\/posts\/44562","targetHints":{"allow":["GET"]}}],"collection":[{"href":"https:\/\/vay-styves.fr\/index.php?rest_route=\/wp\/v2\/posts"}],"about":[{"href":"https:\/\/vay-styves.fr\/index.php?rest_route=\/wp\/v2\/types\/post"}],"author":[{"embeddable":true,"href":"https:\/\/vay-styves.fr\/index.php?rest_route=\/wp\/v2\/users\/9"}],"replies":[{"embeddable":true,"href":"https:\/\/vay-styves.fr\/index.php?rest_route=%2Fwp%2Fv2%2Fcomments&post=44562"}],"version-history":[{"count":8,"href":"https:\/\/vay-styves.fr\/index.php?rest_route=\/wp\/v2\/posts\/44562\/revisions"}],"predecessor-version":[{"id":44857,"href":"https:\/\/vay-styves.fr\/index.php?rest_route=\/wp\/v2\/posts\/44562\/revisions\/44857"}],"wp:attachment":[{"href":"https:\/\/vay-styves.fr\/index.php?rest_route=%2Fwp%2Fv2%2Fmedia&parent=44562"}],"wp:term":[{"taxonomy":"category","embeddable":true,"href":"https:\/\/vay-styves.fr\/index.php?rest_route=%2Fwp%2Fv2%2Fcategories&post=44562"},{"taxonomy":"post_tag","embeddable":true,"href":"https:\/\/vay-styves.fr\/index.php?rest_route=%2Fwp%2Fv2%2Ftags&post=44562"}],"curies":[{"name":"wp","href":"https:\/\/api.w.org\/{rel}","templated":true}]}}