{"id":44447,"date":"2021-04-30T09:52:05","date_gmt":"2021-04-30T08:52:05","guid":{"rendered":"https:\/\/vay-styves.fr\/?p=44447"},"modified":"2021-07-12T11:33:47","modified_gmt":"2021-07-12T10:33:47","slug":"paysage-et-patrimoine-en-cm1","status":"publish","type":"post","link":"https:\/\/vay-styves.fr\/?p=44447","title":{"rendered":"Paysage et patrimoine en CM1"},"content":{"rendered":"<p>Ce jeudi 29 avril, les CM1 ont eu la chance de partir \u00e0 la d\u00e9couverte de deux lieux embl\u00e9matiques de la commune de Vay : la Chapelle St Germain et le Th\u00e9\u00e2tre de Verdure.<\/p>\n<p>Ils ont eu le plaisir d&rsquo;\u00e9couter Jeanne Daniel puis Marie-France Foug\u00e8re leur pr\u00e9senter l&rsquo;historique de chacun de ces lieux.<\/p>\n<p>Merci beaucoup \u00e0 toutes les deux d&rsquo;\u00eatre venues !<\/p>\n<p>Les \u00e9l\u00e8ves ont \u00e9galement pris le temps de dessiner les paysages observ\u00e9s. Bravo les artistes !<\/p>\nngg_shortcode_0_placeholder\n","protected":false},"excerpt":{"rendered":"<p>Ce jeudi 29 avril, les CM1 ont eu la chance de partir \u00e0 la d\u00e9couverte de deux lieux embl\u00e9matiques de la commune de Vay : la Chapelle St Germain et le Th\u00e9\u00e2tre de Verdure. Ils ont eu le plaisir d&rsquo;\u00e9couter Jeanne Daniel puis Marie-France Foug\u00e8re leur pr\u00e9senter l&rsquo;historique de chacun de ces lieux. Merci beaucoup&hellip; <br \/> <a class=\"read-more\" href=\"https:\/\/vay-styves.fr\/?p=44447\">Lire la suite<\/a><\/p>\n","protected":false},"author":17,"featured_media":0,"comment_status":"closed","ping_status":"closed","sticky":false,"template":"","format":"standard","meta":{"ngg_post_thumbnail":0,"footnotes":""},"categories":[17],"tags":[],"class_list":["post-44447","post","type-post","status-publish","format-standard","hentry","category-actualites-ce2-cm1"],"_links":{"self":[{"href":"https:\/\/vay-styves.fr\/index.php?rest_route=\/wp\/v2\/posts\/44447","targetHints":{"allow":["GET"]}}],"collection":[{"href":"https:\/\/vay-styves.fr\/index.php?rest_route=\/wp\/v2\/posts"}],"about":[{"href":"https:\/\/vay-styves.fr\/index.php?rest_route=\/wp\/v2\/types\/post"}],"author":[{"embeddable":true,"href":"https:\/\/vay-styves.fr\/index.php?rest_route=\/wp\/v2\/users\/17"}],"replies":[{"embeddable":true,"href":"https:\/\/vay-styves.fr\/index.php?rest_route=%2Fwp%2Fv2%2Fcomments&post=44447"}],"version-history":[{"count":3,"href":"https:\/\/vay-styves.fr\/index.php?rest_route=\/wp\/v2\/posts\/44447\/revisions"}],"predecessor-version":[{"id":44473,"href":"https:\/\/vay-styves.fr\/index.php?rest_route=\/wp\/v2\/posts\/44447\/revisions\/44473"}],"wp:attachment":[{"href":"https:\/\/vay-styves.fr\/index.php?rest_route=%2Fwp%2Fv2%2Fmedia&parent=44447"}],"wp:term":[{"taxonomy":"category","embeddable":true,"href":"https:\/\/vay-styves.fr\/index.php?rest_route=%2Fwp%2Fv2%2Fcategories&post=44447"},{"taxonomy":"post_tag","embeddable":true,"href":"https:\/\/vay-styves.fr\/index.php?rest_route=%2Fwp%2Fv2%2Ftags&post=44447"}],"curies":[{"name":"wp","href":"https:\/\/api.w.org\/{rel}","templated":true}]}}