{"id":44378,"date":"2021-04-28T12:56:30","date_gmt":"2021-04-28T11:56:30","guid":{"rendered":"https:\/\/vay-styves.fr\/?p=44378"},"modified":"2021-07-12T11:34:14","modified_gmt":"2021-07-12T10:34:14","slug":"la-fete-des-100-jours-en-ce1-ce2","status":"publish","type":"post","link":"https:\/\/vay-styves.fr\/?p=44378","title":{"rendered":"La f\u00eate des 100 jours en CE1-CE2"},"content":{"rendered":"<p>Depuis le d\u00e9but de l&rsquo;ann\u00e9e, les \u00e9l\u00e8ves comptent les jours d&rsquo;\u00e9cole gr\u00e2ce au rituel de \u00ab\u00a0Chaque jour compte\u00a0\u00bb. Lundi 26 avril, nous avons enfin atteint les 100 jours d&rsquo;\u00e9cole! A cette occasion, nous avons v\u00e9cu un apr\u00e8s-midi un peu sp\u00e9cial avec diff\u00e9rents ateliers autour du nombre 100. Les \u00e9l\u00e8ves avaient aussi fabriqu\u00e9 une collection de 100 objets pour exposer dans la classe. Bravo pour vos belles \u0153uvres! Il restera notre oeuvre collective \u00e0 d\u00e9couvrir prochainement&#8230;&nbsp;<\/p>\nngg_shortcode_0_placeholder\n","protected":false},"excerpt":{"rendered":"<p>Depuis le d\u00e9but de l&rsquo;ann\u00e9e, les \u00e9l\u00e8ves comptent les jours d&rsquo;\u00e9cole gr\u00e2ce au rituel de \u00ab\u00a0Chaque jour compte\u00a0\u00bb. Lundi 26 avril, nous avons enfin atteint les 100 jours d&rsquo;\u00e9cole! A cette occasion, nous avons v\u00e9cu un apr\u00e8s-midi un peu sp\u00e9cial avec diff\u00e9rents ateliers autour du nombre 100. Les \u00e9l\u00e8ves avaient aussi fabriqu\u00e9 une collection de&hellip; <br \/> <a class=\"read-more\" href=\"https:\/\/vay-styves.fr\/?p=44378\">Lire la suite<\/a><\/p>\n","protected":false},"author":13,"featured_media":0,"comment_status":"closed","ping_status":"closed","sticky":false,"template":"","format":"standard","meta":{"ngg_post_thumbnail":0,"footnotes":""},"categories":[16],"tags":[],"class_list":["post-44378","post","type-post","status-publish","format-standard","hentry","category-actualites-cp"],"_links":{"self":[{"href":"https:\/\/vay-styves.fr\/index.php?rest_route=\/wp\/v2\/posts\/44378","targetHints":{"allow":["GET"]}}],"collection":[{"href":"https:\/\/vay-styves.fr\/index.php?rest_route=\/wp\/v2\/posts"}],"about":[{"href":"https:\/\/vay-styves.fr\/index.php?rest_route=\/wp\/v2\/types\/post"}],"author":[{"embeddable":true,"href":"https:\/\/vay-styves.fr\/index.php?rest_route=\/wp\/v2\/users\/13"}],"replies":[{"embeddable":true,"href":"https:\/\/vay-styves.fr\/index.php?rest_route=%2Fwp%2Fv2%2Fcomments&post=44378"}],"version-history":[{"count":3,"href":"https:\/\/vay-styves.fr\/index.php?rest_route=\/wp\/v2\/posts\/44378\/revisions"}],"predecessor-version":[{"id":44419,"href":"https:\/\/vay-styves.fr\/index.php?rest_route=\/wp\/v2\/posts\/44378\/revisions\/44419"}],"wp:attachment":[{"href":"https:\/\/vay-styves.fr\/index.php?rest_route=%2Fwp%2Fv2%2Fmedia&parent=44378"}],"wp:term":[{"taxonomy":"category","embeddable":true,"href":"https:\/\/vay-styves.fr\/index.php?rest_route=%2Fwp%2Fv2%2Fcategories&post=44378"},{"taxonomy":"post_tag","embeddable":true,"href":"https:\/\/vay-styves.fr\/index.php?rest_route=%2Fwp%2Fv2%2Ftags&post=44378"}],"curies":[{"name":"wp","href":"https:\/\/api.w.org\/{rel}","templated":true}]}}