{"id":44006,"date":"2020-10-11T11:27:19","date_gmt":"2020-10-11T10:27:19","guid":{"rendered":"https:\/\/vay-styves.fr\/?p=44006"},"modified":"2021-07-12T11:39:01","modified_gmt":"2021-07-12T10:39:01","slug":"election-delegues","status":"publish","type":"post","link":"https:\/\/vay-styves.fr\/?p=44006","title":{"rendered":"\u00c9lection d\u00e9l\u00e9gu\u00e9s"},"content":{"rendered":"<p>Vendredi 9 octobre, nous avons \u00e9lu les d\u00e9l\u00e9gu\u00e9s de la classe de CP.&nbsp; Lisa et Jean sont nos nouveaux d\u00e9l\u00e9gu\u00e9s pour cette ann\u00e9e !<\/p>\n<p><a href=\"https:\/\/vay-styves.fr\/wp-content\/uploads\/2020\/10\/IMG_20201009_120815-scaled.jpg\"><img loading=\"lazy\" decoding=\"async\" class=\"size-medium wp-image-44007\" src=\"https:\/\/vay-styves.fr\/wp-content\/uploads\/2020\/10\/IMG_20201009_120815-225x300.jpg\" alt=\"\" width=\"225\" height=\"300\" srcset=\"https:\/\/vay-styves.fr\/wp-content\/uploads\/2020\/10\/IMG_20201009_120815-225x300.jpg 225w, https:\/\/vay-styves.fr\/wp-content\/uploads\/2020\/10\/IMG_20201009_120815-768x1024.jpg 768w, https:\/\/vay-styves.fr\/wp-content\/uploads\/2020\/10\/IMG_20201009_120815-1152x1536.jpg 1152w, https:\/\/vay-styves.fr\/wp-content\/uploads\/2020\/10\/IMG_20201009_120815-1536x2048.jpg 1536w, https:\/\/vay-styves.fr\/wp-content\/uploads\/2020\/10\/IMG_20201009_120815-scaled.jpg 1920w\" sizes=\"auto, (max-width: 225px) 100vw, 225px\" \/><\/a><\/p>\n","protected":false},"excerpt":{"rendered":"<p>Vendredi 9 octobre, nous avons \u00e9lu les d\u00e9l\u00e9gu\u00e9s de la classe de CP.&nbsp; Lisa et Jean sont nos nouveaux d\u00e9l\u00e9gu\u00e9s pour cette ann\u00e9e !<\/p>\n","protected":false},"author":13,"featured_media":0,"comment_status":"closed","ping_status":"closed","sticky":false,"template":"","format":"standard","meta":{"ngg_post_thumbnail":0,"footnotes":""},"categories":[16],"tags":[],"class_list":["post-44006","post","type-post","status-publish","format-standard","hentry","category-actualites-cp"],"_links":{"self":[{"href":"https:\/\/vay-styves.fr\/index.php?rest_route=\/wp\/v2\/posts\/44006","targetHints":{"allow":["GET"]}}],"collection":[{"href":"https:\/\/vay-styves.fr\/index.php?rest_route=\/wp\/v2\/posts"}],"about":[{"href":"https:\/\/vay-styves.fr\/index.php?rest_route=\/wp\/v2\/types\/post"}],"author":[{"embeddable":true,"href":"https:\/\/vay-styves.fr\/index.php?rest_route=\/wp\/v2\/users\/13"}],"replies":[{"embeddable":true,"href":"https:\/\/vay-styves.fr\/index.php?rest_route=%2Fwp%2Fv2%2Fcomments&post=44006"}],"version-history":[{"count":1,"href":"https:\/\/vay-styves.fr\/index.php?rest_route=\/wp\/v2\/posts\/44006\/revisions"}],"predecessor-version":[{"id":44008,"href":"https:\/\/vay-styves.fr\/index.php?rest_route=\/wp\/v2\/posts\/44006\/revisions\/44008"}],"wp:attachment":[{"href":"https:\/\/vay-styves.fr\/index.php?rest_route=%2Fwp%2Fv2%2Fmedia&parent=44006"}],"wp:term":[{"taxonomy":"category","embeddable":true,"href":"https:\/\/vay-styves.fr\/index.php?rest_route=%2Fwp%2Fv2%2Fcategories&post=44006"},{"taxonomy":"post_tag","embeddable":true,"href":"https:\/\/vay-styves.fr\/index.php?rest_route=%2Fwp%2Fv2%2Ftags&post=44006"}],"curies":[{"name":"wp","href":"https:\/\/api.w.org\/{rel}","templated":true}]}}