{"id":43933,"date":"2020-09-17T21:09:43","date_gmt":"2020-09-17T20:09:43","guid":{"rendered":"https:\/\/vay-styves.fr\/?p=43933"},"modified":"2021-07-12T11:40:31","modified_gmt":"2021-07-12T10:40:31","slug":"visite-de-laurine","status":"publish","type":"post","link":"https:\/\/vay-styves.fr\/?p=43933","title":{"rendered":"Visite de Laurine"},"content":{"rendered":"<p>Aujourd&rsquo;hui, le jeudi 17 septembre, Laurine (aide maternelle en cong\u00e9 maternit\u00e9) est venue avec son b\u00e9b\u00e9. C&rsquo;est une fille, elle s&rsquo;appelle Alice.<\/p>\n<p>Elle a un mois.<\/p>\n<p>Tous les enfants de l&rsquo;\u00e9cole \u00e9taient contents de la voir !&nbsp;&nbsp;&nbsp; Elle est \u00e0 croquer !&nbsp;&nbsp; \ud83d\ude42<\/p>\n<p><img loading=\"lazy\" decoding=\"async\" class=\"alignleft size-medium wp-image-43934\" src=\"https:\/\/vay-styves.fr\/wp-content\/uploads\/2020\/09\/IMG_20200917_105427-150x300.jpg\" alt=\"\" width=\"150\" height=\"300\" srcset=\"https:\/\/vay-styves.fr\/wp-content\/uploads\/2020\/09\/IMG_20200917_105427-150x300.jpg 150w, https:\/\/vay-styves.fr\/wp-content\/uploads\/2020\/09\/IMG_20200917_105427-512x1024.jpg 512w, https:\/\/vay-styves.fr\/wp-content\/uploads\/2020\/09\/IMG_20200917_105427-768x1536.jpg 768w, https:\/\/vay-styves.fr\/wp-content\/uploads\/2020\/09\/IMG_20200917_105427.jpg 1000w\" sizes=\"auto, (max-width: 150px) 100vw, 150px\" \/> <img loading=\"lazy\" decoding=\"async\" class=\"alignleft size-medium wp-image-43935\" src=\"https:\/\/vay-styves.fr\/wp-content\/uploads\/2020\/09\/IMG_20200917_105440-138x300.jpg\" alt=\"\" width=\"138\" height=\"300\" srcset=\"https:\/\/vay-styves.fr\/wp-content\/uploads\/2020\/09\/IMG_20200917_105440-138x300.jpg 138w, https:\/\/vay-styves.fr\/wp-content\/uploads\/2020\/09\/IMG_20200917_105440-472x1024.jpg 472w, https:\/\/vay-styves.fr\/wp-content\/uploads\/2020\/09\/IMG_20200917_105440-768x1666.jpg 768w, https:\/\/vay-styves.fr\/wp-content\/uploads\/2020\/09\/IMG_20200917_105440-708x1536.jpg 708w, https:\/\/vay-styves.fr\/wp-content\/uploads\/2020\/09\/IMG_20200917_105440-944x2048.jpg 944w, https:\/\/vay-styves.fr\/wp-content\/uploads\/2020\/09\/IMG_20200917_105440.jpg 960w\" sizes=\"auto, (max-width: 138px) 100vw, 138px\" \/> <img loading=\"lazy\" decoding=\"async\" class=\"alignleft size-medium wp-image-43936\" src=\"https:\/\/vay-styves.fr\/wp-content\/uploads\/2020\/09\/IMG_20200917_105737-150x300.jpg\" alt=\"\" width=\"150\" height=\"300\" srcset=\"https:\/\/vay-styves.fr\/wp-content\/uploads\/2020\/09\/IMG_20200917_105737-150x300.jpg 150w, https:\/\/vay-styves.fr\/wp-content\/uploads\/2020\/09\/IMG_20200917_105737-512x1024.jpg 512w, https:\/\/vay-styves.fr\/wp-content\/uploads\/2020\/09\/IMG_20200917_105737-768x1536.jpg 768w, https:\/\/vay-styves.fr\/wp-content\/uploads\/2020\/09\/IMG_20200917_105737.jpg 1000w\" sizes=\"auto, (max-width: 150px) 100vw, 150px\" \/><\/p>\n","protected":false},"excerpt":{"rendered":"<p>Aujourd&rsquo;hui, le jeudi 17 septembre, Laurine (aide maternelle en cong\u00e9 maternit\u00e9) est venue avec son b\u00e9b\u00e9. C&rsquo;est une fille, elle s&rsquo;appelle Alice. Elle a un mois. Tous les enfants de l&rsquo;\u00e9cole \u00e9taient contents de la voir !&nbsp;&nbsp;&nbsp; Elle est \u00e0 croquer !&nbsp;&nbsp; \ud83d\ude42<\/p>\n","protected":false},"author":9,"featured_media":0,"comment_status":"closed","ping_status":"closed","sticky":false,"template":"","format":"standard","meta":{"ngg_post_thumbnail":0,"footnotes":""},"categories":[17,18,16,15,14],"tags":[],"class_list":["post-43933","post","type-post","status-publish","format-standard","hentry","category-actualites-ce2-cm1","category-actualites-cm2","category-actualites-cp","category-actualites-ms-gs","category-actualites-ps"],"_links":{"self":[{"href":"https:\/\/vay-styves.fr\/index.php?rest_route=\/wp\/v2\/posts\/43933","targetHints":{"allow":["GET"]}}],"collection":[{"href":"https:\/\/vay-styves.fr\/index.php?rest_route=\/wp\/v2\/posts"}],"about":[{"href":"https:\/\/vay-styves.fr\/index.php?rest_route=\/wp\/v2\/types\/post"}],"author":[{"embeddable":true,"href":"https:\/\/vay-styves.fr\/index.php?rest_route=\/wp\/v2\/users\/9"}],"replies":[{"embeddable":true,"href":"https:\/\/vay-styves.fr\/index.php?rest_route=%2Fwp%2Fv2%2Fcomments&post=43933"}],"version-history":[{"count":1,"href":"https:\/\/vay-styves.fr\/index.php?rest_route=\/wp\/v2\/posts\/43933\/revisions"}],"predecessor-version":[{"id":43937,"href":"https:\/\/vay-styves.fr\/index.php?rest_route=\/wp\/v2\/posts\/43933\/revisions\/43937"}],"wp:attachment":[{"href":"https:\/\/vay-styves.fr\/index.php?rest_route=%2Fwp%2Fv2%2Fmedia&parent=43933"}],"wp:term":[{"taxonomy":"category","embeddable":true,"href":"https:\/\/vay-styves.fr\/index.php?rest_route=%2Fwp%2Fv2%2Fcategories&post=43933"},{"taxonomy":"post_tag","embeddable":true,"href":"https:\/\/vay-styves.fr\/index.php?rest_route=%2Fwp%2Fv2%2Ftags&post=43933"}],"curies":[{"name":"wp","href":"https:\/\/api.w.org\/{rel}","templated":true}]}}