{"id":40004,"date":"2020-04-01T18:12:20","date_gmt":"2020-04-01T17:12:20","guid":{"rendered":"https:\/\/vay-styves.fr\/?p=40004"},"modified":"2021-07-12T11:42:51","modified_gmt":"2021-07-12T10:42:51","slug":"cp-recette-de-la-tarte-au-chocolat","status":"publish","type":"post","link":"https:\/\/vay-styves.fr\/?p=40004","title":{"rendered":"CP : recette de la tarte au chocolat"},"content":{"rendered":"<p>La semaine derni\u00e8re, les CP ont d\u00e9couvert un nouveau support de lecture : la recette.<\/p>\n<p>Savoir lire, cela permet aussi de fabriquer quelque chose.&nbsp; Voici la recette de la tarte au chocolat.<\/p>\n<p><a href=\"https:\/\/vay-styves.fr\/wp-content\/uploads\/2020\/04\/tarte.pdf\">tarte<\/a><\/p>\n<p><img loading=\"lazy\" decoding=\"async\" class=\"alignleft size-medium wp-image-40005\" src=\"https:\/\/vay-styves.fr\/wp-content\/uploads\/2020\/04\/recette-218x300.jpg\" alt=\"\" width=\"218\" height=\"300\" srcset=\"https:\/\/vay-styves.fr\/wp-content\/uploads\/2020\/04\/recette-218x300.jpg 218w, https:\/\/vay-styves.fr\/wp-content\/uploads\/2020\/04\/recette-745x1024.jpg 745w, https:\/\/vay-styves.fr\/wp-content\/uploads\/2020\/04\/recette-768x1056.jpg 768w, https:\/\/vay-styves.fr\/wp-content\/uploads\/2020\/04\/recette.jpg 999w\" sizes=\"auto, (max-width: 218px) 100vw, 218px\" \/><\/p>\n<p>&nbsp;<\/p>\n<p>&nbsp;<\/p>\n<p>&nbsp;<\/p>\n<p>&nbsp;<\/p>\n<p>&nbsp;<\/p>\n<p>&nbsp;<\/p>\n<p>&nbsp;<\/p>\n<p>&nbsp;<\/p>\n<p>Et voici la tarte de Johan qui a \u00e9t\u00e9 aid\u00e9 par sa soeur.&nbsp;&nbsp; Hmmm !<\/p>\n<p><img loading=\"lazy\" decoding=\"async\" class=\"alignleft size-medium wp-image-40006\" src=\"https:\/\/vay-styves.fr\/wp-content\/uploads\/2020\/04\/Johan-300x225.jpg\" alt=\"\" width=\"300\" height=\"225\" srcset=\"https:\/\/vay-styves.fr\/wp-content\/uploads\/2020\/04\/Johan-300x225.jpg 300w, https:\/\/vay-styves.fr\/wp-content\/uploads\/2020\/04\/Johan.jpg 577w\" sizes=\"auto, (max-width: 300px) 100vw, 300px\" \/><\/p>\n<p>&nbsp;<\/p>\n<p>&nbsp;<\/p>\n<p>&nbsp;<\/p>\n<p>&nbsp;<\/p>\n<p>&nbsp;<\/p>\n<p>&nbsp;<\/p>\n<p>&nbsp;<\/p>\n<p>Et les tartes de Margot&nbsp;&nbsp; et de Mathis et Louis !<\/p>\n<p><img loading=\"lazy\" decoding=\"async\" class=\"alignleft size-medium wp-image-40007\" src=\"https:\/\/vay-styves.fr\/wp-content\/uploads\/2020\/04\/Margot-225x300.jpg\" alt=\"\" width=\"225\" height=\"300\" srcset=\"https:\/\/vay-styves.fr\/wp-content\/uploads\/2020\/04\/Margot-225x300.jpg 225w, https:\/\/vay-styves.fr\/wp-content\/uploads\/2020\/04\/Margot-rotated.jpg 433w\" sizes=\"auto, (max-width: 225px) 100vw, 225px\" \/> <img loading=\"lazy\" decoding=\"async\" class=\"alignleft size-medium wp-image-40008\" src=\"https:\/\/vay-styves.fr\/wp-content\/uploads\/2020\/04\/mathis-1-225x300.jpg\" alt=\"\" width=\"225\" height=\"300\" srcset=\"https:\/\/vay-styves.fr\/wp-content\/uploads\/2020\/04\/mathis-1-225x300.jpg 225w, https:\/\/vay-styves.fr\/wp-content\/uploads\/2020\/04\/mathis-1-rotated.jpg 433w\" sizes=\"auto, (max-width: 225px) 100vw, 225px\" \/> <img loading=\"lazy\" decoding=\"async\" class=\"alignleft size-medium wp-image-40009\" src=\"https:\/\/vay-styves.fr\/wp-content\/uploads\/2020\/04\/Mathis-2-225x300.jpg\" alt=\"\" width=\"225\" height=\"300\" srcset=\"https:\/\/vay-styves.fr\/wp-content\/uploads\/2020\/04\/Mathis-2-225x300.jpg 225w, https:\/\/vay-styves.fr\/wp-content\/uploads\/2020\/04\/Mathis-2-rotated.jpg 433w\" sizes=\"auto, (max-width: 225px) 100vw, 225px\" \/> <img loading=\"lazy\" decoding=\"async\" class=\"alignleft size-medium wp-image-40010\" src=\"https:\/\/vay-styves.fr\/wp-content\/uploads\/2020\/04\/mathis-3-225x300.jpg\" alt=\"\" width=\"225\" height=\"300\" srcset=\"https:\/\/vay-styves.fr\/wp-content\/uploads\/2020\/04\/mathis-3-225x300.jpg 225w, https:\/\/vay-styves.fr\/wp-content\/uploads\/2020\/04\/mathis-3-rotated.jpg 433w\" sizes=\"auto, (max-width: 225px) 100vw, 225px\" \/><\/p>\n<p>&nbsp;<\/p>\n<p>&nbsp;<\/p>\n<p>&nbsp;<\/p>\n<p>&nbsp;<\/p>\n<p>&nbsp;<\/p>\n<p>&nbsp;<\/p>\n<p>&nbsp;<\/p>\n<p>&nbsp;<\/p>\n<p>Margot a dit que la tarte \u00e9tait excellente. Mathis pr\u00e9cise qu&rsquo;il ne faut pas prendre une grosse part !<\/p>\n<p><img loading=\"lazy\" decoding=\"async\" class=\"alignleft size-medium wp-image-40078\" src=\"https:\/\/vay-styves.fr\/wp-content\/uploads\/2020\/04\/maxime-225x300.jpg\" alt=\"\" width=\"225\" height=\"300\" srcset=\"https:\/\/vay-styves.fr\/wp-content\/uploads\/2020\/04\/maxime-225x300.jpg 225w, https:\/\/vay-styves.fr\/wp-content\/uploads\/2020\/04\/maxime-rotated.jpg 433w\" sizes=\"auto, (max-width: 225px) 100vw, 225px\" \/><\/p>\n<p>&nbsp;<\/p>\n<p>&nbsp;<\/p>\n<p>&nbsp;<\/p>\n<p>&nbsp;<\/p>\n<p>&nbsp;<\/p>\n<p>&nbsp;<\/p>\n<p>&nbsp;<\/p>\n<p>Maxime aussi a fait la tarte et a mis des d\u00e9corations.<\/p>\n<p>Bravo aux petits cuisiniers !!!!<\/p>\n","protected":false},"excerpt":{"rendered":"<p>La semaine derni\u00e8re, les CP ont d\u00e9couvert un nouveau support de lecture : la recette. Savoir lire, cela permet aussi de fabriquer quelque chose.&nbsp; Voici la recette de la tarte au chocolat. tarte &nbsp; &nbsp; &nbsp; &nbsp; &nbsp; &nbsp; &nbsp; &nbsp; Et voici la tarte de Johan qui a \u00e9t\u00e9 aid\u00e9 par sa soeur.&nbsp;&nbsp; Hmmm&hellip; <br \/> <a class=\"read-more\" href=\"https:\/\/vay-styves.fr\/?p=40004\">Lire la suite<\/a><\/p>\n","protected":false},"author":9,"featured_media":0,"comment_status":"closed","ping_status":"closed","sticky":false,"template":"","format":"standard","meta":{"ngg_post_thumbnail":0,"footnotes":""},"categories":[15],"tags":[],"class_list":["post-40004","post","type-post","status-publish","format-standard","hentry","category-actualites-ms-gs"],"_links":{"self":[{"href":"https:\/\/vay-styves.fr\/index.php?rest_route=\/wp\/v2\/posts\/40004","targetHints":{"allow":["GET"]}}],"collection":[{"href":"https:\/\/vay-styves.fr\/index.php?rest_route=\/wp\/v2\/posts"}],"about":[{"href":"https:\/\/vay-styves.fr\/index.php?rest_route=\/wp\/v2\/types\/post"}],"author":[{"embeddable":true,"href":"https:\/\/vay-styves.fr\/index.php?rest_route=\/wp\/v2\/users\/9"}],"replies":[{"embeddable":true,"href":"https:\/\/vay-styves.fr\/index.php?rest_route=%2Fwp%2Fv2%2Fcomments&post=40004"}],"version-history":[{"count":3,"href":"https:\/\/vay-styves.fr\/index.php?rest_route=\/wp\/v2\/posts\/40004\/revisions"}],"predecessor-version":[{"id":40080,"href":"https:\/\/vay-styves.fr\/index.php?rest_route=\/wp\/v2\/posts\/40004\/revisions\/40080"}],"wp:attachment":[{"href":"https:\/\/vay-styves.fr\/index.php?rest_route=%2Fwp%2Fv2%2Fmedia&parent=40004"}],"wp:term":[{"taxonomy":"category","embeddable":true,"href":"https:\/\/vay-styves.fr\/index.php?rest_route=%2Fwp%2Fv2%2Fcategories&post=40004"},{"taxonomy":"post_tag","embeddable":true,"href":"https:\/\/vay-styves.fr\/index.php?rest_route=%2Fwp%2Fv2%2Ftags&post=40004"}],"curies":[{"name":"wp","href":"https:\/\/api.w.org\/{rel}","templated":true}]}}